{"id":2297,"date":"2023-10-28T12:19:44","date_gmt":"2023-10-28T10:19:44","guid":{"rendered":"https:\/\/www.liceovittorinigorgia.edu.it\/blog\/?p=2297"},"modified":"2023-10-28T12:23:25","modified_gmt":"2023-10-28T10:23:25","slug":"oltre-la-nuda-storia-nietzsche-qoelet-e-il-conflitto-arabo-israeliano","status":"publish","type":"post","link":"https:\/\/www.liceovittorinigorgia.edu.it\/blog\/2023\/10\/28\/oltre-la-nuda-storia-nietzsche-qoelet-e-il-conflitto-arabo-israeliano\/","title":{"rendered":"OLTRE LA NUDA STORIA                 Nietzsche, Qo\u00e9let e il conflitto arabo-israeliano"},"content":{"rendered":"\n<figure class=\"wp-block-image size-large\"><img loading=\"lazy\" width=\"657\" height=\"599\" src=\"https:\/\/www.liceovittorinigorgia.edu.it\/blog\/wp-content\/uploads\/2023\/10\/111-1.jpg\" alt=\"\" class=\"wp-image-2299\" srcset=\"https:\/\/www.liceovittorinigorgia.edu.it\/blog\/wp-content\/uploads\/2023\/10\/111-1.jpg 657w, https:\/\/www.liceovittorinigorgia.edu.it\/blog\/wp-content\/uploads\/2023\/10\/111-1-300x274.jpg 300w\" sizes=\"(max-width: 657px) 100vw, 657px\" \/><\/figure>\n\n\n\n<p class=\"has-text-align-left\">L\u2019intenzione di questo mio breve articolo \u00e8 quella di offrire una prospettiva filosofico-teologica<br>sull\u2019attuale conflitto arabo-israeliano divenuto sempre pi\u00f9 causa di sofferenza e ansia per il mondo<br>intero. La causa di tale conflitto pu\u00f2 essere ricondotta a due idee di matrice fondamentalista:<br>\u201cl\u2019idolatria della nuda storia\u201d e l\u2019idea secondo cui \u201cil territorio \u00e8 di propriet\u00e0\u201d dell\u2019una o dell\u2019altra<br>popolazione.<br>Oggi si pone urgentemente una domanda: di fronte al conflitto in atto, ha ancora senso schierarsi<br>seguendo alla lettera la \u201cnuda storia\u201d? C\u2019\u00e8 una via d\u2019uscita dalla \u201cprigionia della storia\u201d?<br>Nella seconda delle Considerazioni inattuali, Nietzsche scrive: \u00abL&#8217;uomo chiese una volta<br>all&#8217;animale: Perch\u00e9 mi guardi soltanto, senza parlarmi della tua felicit\u00e0? L&#8217;animale voleva<br>rispondere e dire: La ragione di ci\u00f2 \u00e8 che dimentico subito quello che volevo dire \u2014 ma dimentic\u00f2<br>subito anche questa risposta e tacque: cos\u00ec l&#8217;uomo se ne meravigli\u00f2. Ma egli si meravigli\u00f2 anche di<br>se stesso, di non poter imparare a dimenticare e di essere sempre attaccato al passato. [\u2026] Cos\u00ec<br>l\u2019animale vive in modo non storico \u2026 L\u2019uomo, invece, si oppone al peso sempre pi\u00f9 grande del<br>passato: questo l&#8217;opprime o lo piega. [\u2026] Sia nella pi\u00f9 piccola felicit\u00e0 che in quella pi\u00f9 grande \u00e8<br>sempre una cosa che fa diventare felicit\u00e0 la felicit\u00e0: il poter dimenticare\u00bb.<br>Nietzsche sostiene che \u201cl\u2019eccesso di storia indebolisce le potenzialit\u00e0 creatici dell\u2019uomo\u201d e<br>che \u201cl\u2019idolatria del fatto\u201d rende l\u2019uomo un \u201cconsumatore di storia\u201d. L\u2019uomo imprigionato dal peso<br>della storia si riduce a storia, diventa storia senza vita. Per il filosofo, \u201cil fattore oblio\u201d invece \u00e8 al<br>servizio della vita in quanto per poter vivere felicemente il presente occorre saper dimenticare il<br>passato. Per Nietzsche, la storia \u00e8 infatti inautentica e dannosa quando rende schiavi del passato<br>indebolendo la fantasia e la creativit\u00e0 dell\u2019uomo. \u00c8 invece autentica e utile quando si pone al<br>servizio della vita e dei viventi integrando gli aspetti positivi della storia monumentale, antiquaria e<br>critica.<br>Nel libro del Qo\u00e9let leggiamo: \u00abParole di Qo\u00e9let, figlio di Davide, re di<br>Gerusalemme;&nbsp;Vanit\u00e0 delle vanit\u00e0, dice Qo\u00e9let,&nbsp;vanit\u00e0 delle vanit\u00e0, il tutto \u00e8 vanit\u00e0. [\u2026] Una<br>generazione se ne va e un\u2019altra arriva, ma la terra resta sempre la stessa. [\u2026] Ci\u00f2 che \u00e8 stato \u00e8<br>quello che sar\u00e0&nbsp;e ci\u00f2 che s\u2019\u00e8 fatto \u00e8 quello che si far\u00e0; niente di nuovo avviene sotto il sole.&nbsp;C\u2019\u00e8<br>forse qualcosa di cui si possa dire: &#8211; Ecco questa \u00e8 una novit\u00e0 &#8211; ?&nbsp;Proprio questa \u00e8 gi\u00e0 stata nei<br>secoli&nbsp;prima di noi. Non c\u2019\u00e8 pi\u00f9 ricordo delle cose passate, come non ci sar\u00e0 delle cose avvenire<br>presso coloro che dopo vivranno\u00bb(Eccl. 1,1-11).<br>Troviamo espressa in questo passo dell\u2019Ecclesiaste un\u2019antropologia del profondo, una<br>visione teologica della storia intesa come discernimento della profondit\u00e0 degli avvenimenti. Contro<br>ogni visione conservatrice e immutabile della storia, il libro invita a leggere positivamente, ma non<br>ingenuamente, i suoi mutamenti, ad andare nella profondit\u00e0 del tempo presente e a scorgerne i<br>\u201csegni dei tempi\u201d, quegli \u201cappelli della storia presente\u201d che invitano l\u2019uomo alla responsabilit\u00e0 \u201cqui<\/p>\n\n\n\n<p>e ora\u201d grazie proprio all\u2019\u201coblio della storia\u201d: liberati dal peso della storia (Nietzsche) ci prendiamo<br>cura del tempo presente (Qo\u00e8let).<br>L\u2019altra causa dell\u2019attuale conflitto arabo-israeliano \u00e8 l\u2019idea fondamentalista secondo cui la<br>terra \u00e8 di \u201cpropriet\u00e0 esclusiva\u201d e quindi \u201cabitabile esclusivamente\u201d dagli ebrei o dagli arabi con la<br>conseguenza che \u201cl\u2019altro popolo\u201d \u00e8 visto e percepito sempre e solo come \u201cusurpatore della terra\u201d<br>nei cui confronti la reazione reciproca \u00e8 marcatamente xenofoba o addirittura razzista.<br>Di fronte a queste due idee fondamentaliste bisogna reagire con quella prospettiva<br>nietzschiana e biblica secondo cui la vita \u00e8 antistorica, vita \u00e8 \u201cdimenticare\u201d, andare oltre la \u201cnuda<br>storia\u201d e scorgere la \u201c profondit\u00e0\u201d dei fatti presenti. L\u2019oblio della storia genera la vita presente. Di<br>fronte alla nuda storia bisogna sempre affermare la vita.<br>L\u2019altra sfida oggi \u00e8 quella di \u201cimparare ad abitare in modo nuovo\u201d, riuscire a passare<br>dall\u2019abitare come \u201cpossesso\u201d all\u2019abitare come \u201csoggiornare\u201d (Martin Heidegger)&nbsp; e dunque abitare<br>come \u201cstranieri residenti\u201d (il biblico gher toshav).<br>La terra infatti non \u00e8 \u201cesclusiva propriet\u00e0\u201d n\u00e9 per diritto di sangue, n\u00e9 per diritto di terra, n\u00e9<br>perch\u00e9 vi abbiamo lavorato per primi (John Locke), ma siamo tutti \u201csoggiornanti\u201d e \u201cstranieri<br>residenti\u201d e in quanto tali dobbiamo \u201cimparare ad abitare\u201d, occorre cio\u00e8 un \u201cnuovo modo di<br>abitare\u201d: la co-abitazione di due popoli e di due Stati oltre la nuda storia e la polvere della terra.<br><\/p>\n\n\n\n<p class=\"has-text-align-right\"><em>Prof. Nuccio Randone<\/em><\/p>\n","protected":false},"excerpt":{"rendered":"<p>L\u2019intenzione di questo mio breve articolo \u00e8 quella di offrire una prospettiva filosofico-teologicasull\u2019attuale conflitto arabo-israeliano divenuto sempre pi\u00f9 causa di sofferenza e ansia per il mondointero. La causa di tale conflitto pu\u00f2 essere ricondotta a due idee di matrice fondamentalista:\u201cl\u2019idolatria della nuda storia\u201d e l\u2019idea secondo cui \u201cil territorio \u00e8 di propriet\u00e0\u201d dell\u2019una o dell\u2019altrapopolazione.Oggi&hellip;<\/p>\n","protected":false},"author":4,"featured_media":0,"comment_status":"open","ping_status":"open","sticky":true,"template":"","format":"standard","meta":[],"categories":[5,1],"tags":[],"_links":{"self":[{"href":"https:\/\/www.liceovittorinigorgia.edu.it\/blog\/wp-json\/wp\/v2\/posts\/2297"}],"collection":[{"href":"https:\/\/www.liceovittorinigorgia.edu.it\/blog\/wp-json\/wp\/v2\/posts"}],"about":[{"href":"https:\/\/www.liceovittorinigorgia.edu.it\/blog\/wp-json\/wp\/v2\/types\/post"}],"author":[{"embeddable":true,"href":"https:\/\/www.liceovittorinigorgia.edu.it\/blog\/wp-json\/wp\/v2\/users\/4"}],"replies":[{"embeddable":true,"href":"https:\/\/www.liceovittorinigorgia.edu.it\/blog\/wp-json\/wp\/v2\/comments?post=2297"}],"version-history":[{"count":1,"href":"https:\/\/www.liceovittorinigorgia.edu.it\/blog\/wp-json\/wp\/v2\/posts\/2297\/revisions"}],"predecessor-version":[{"id":2300,"href":"https:\/\/www.liceovittorinigorgia.edu.it\/blog\/wp-json\/wp\/v2\/posts\/2297\/revisions\/2300"}],"wp:attachment":[{"href":"https:\/\/www.liceovittorinigorgia.edu.it\/blog\/wp-json\/wp\/v2\/media?parent=2297"}],"wp:term":[{"taxonomy":"category","embeddable":true,"href":"https:\/\/www.liceovittorinigorgia.edu.it\/blog\/wp-json\/wp\/v2\/categories?post=2297"},{"taxonomy":"post_tag","embeddable":true,"href":"https:\/\/www.liceovittorinigorgia.edu.it\/blog\/wp-json\/wp\/v2\/tags?post=2297"}],"curies":[{"name":"wp","href":"https:\/\/api.w.org\/{rel}","templated":true}]}}