{"id":2435,"date":"2024-01-17T17:10:01","date_gmt":"2024-01-17T16:10:01","guid":{"rendered":"https:\/\/www.liceovittorinigorgia.edu.it\/blog\/?p=2435"},"modified":"2024-01-17T17:10:02","modified_gmt":"2024-01-17T16:10:02","slug":"la-dimensione-politica-dellanima","status":"publish","type":"post","link":"https:\/\/www.liceovittorinigorgia.edu.it\/blog\/2024\/01\/17\/la-dimensione-politica-dellanima\/","title":{"rendered":"LA DIMENSIONE POLITICA DELL\u2019ANIMA"},"content":{"rendered":"\n<figure class=\"wp-block-image size-large\"><img loading=\"lazy\" width=\"1024\" height=\"1024\" src=\"https:\/\/www.liceovittorinigorgia.edu.it\/blog\/wp-content\/uploads\/2024\/01\/bf6e24d2-1ecf-4db9-b116-70fc5ad0ae8f-1024x1024.jpg\" alt=\"\" class=\"wp-image-2436\" srcset=\"https:\/\/www.liceovittorinigorgia.edu.it\/blog\/wp-content\/uploads\/2024\/01\/bf6e24d2-1ecf-4db9-b116-70fc5ad0ae8f-1024x1024.jpg 1024w, https:\/\/www.liceovittorinigorgia.edu.it\/blog\/wp-content\/uploads\/2024\/01\/bf6e24d2-1ecf-4db9-b116-70fc5ad0ae8f-300x300.jpg 300w, https:\/\/www.liceovittorinigorgia.edu.it\/blog\/wp-content\/uploads\/2024\/01\/bf6e24d2-1ecf-4db9-b116-70fc5ad0ae8f-150x150.jpg 150w, https:\/\/www.liceovittorinigorgia.edu.it\/blog\/wp-content\/uploads\/2024\/01\/bf6e24d2-1ecf-4db9-b116-70fc5ad0ae8f-768x768.jpg 768w, https:\/\/www.liceovittorinigorgia.edu.it\/blog\/wp-content\/uploads\/2024\/01\/bf6e24d2-1ecf-4db9-b116-70fc5ad0ae8f.jpg 1512w\" sizes=\"(max-width: 1024px) 100vw, 1024px\" \/><\/figure>\n\n\n\n<p class=\"has-text-align-left\">La pace dell\u2019anima \u00e8 la morte dell\u2019uomo e ogni percorso che conduce alla pace interiore segna la<br>fine del destino dell\u2019uomo in quanto ethos anthropoi daimon (Eraclito), l\u2019agire dell\u2019uomo determina<br>il suo destino. Il tema dell\u2019anima e del suo percorso politico rimanda dunque all\u2019impegno etico nella<br>citt\u00e0 degli uomini.<br>Ma cosa rende l\u2019anima capace di un percorso politico, di produrre cambiamenti, ripartenze,<br>liberazione? La relazione con gli altri da cui scaturisce il \u201cdesiderio mimetico\u201d (Ren\u00e9 Girard), quel<br>desiderio cio\u00e8 di \u201cessere-come-gli altri\u201d. Ma allora siamo determinati dalla societ\u00e0 e dal desiderio<br>mimetico?<br>Soltanto un\u2019anima in subbuglio, in crisi, irrequieta, in uno stato abituale d\u2019insoddisfazione e di<br>continuo travaglio introspettivo rende l\u2019uomo libero da qualsiasi assolutismo mimetico situandolo<br>nel vuoto: \u00abho licenziato Dio, gettato via un amore, per costruirmi il vuoto nell\u2019anima e nel cuore\u00bb<br>(Fabrizio De Andr\u00e8, Cantico dei drogati). L\u2019uomo nella situazione di vuoto esistenziale riesce a<br>fare spazio a nuove ripartenze, al cambiamento.<br>Questa capacit\u00e0 di fare vuoto attorno a s\u00e9 \u00e8 l\u2019agentivit\u00e0: con agentivit\u00e0 si intende \u201cla capacit\u00e0 che ha<br>un individuo di agire, di costruire la propria identit\u00e0, dar corpo al desiderio, plasmare la propria<br>esistenza, tenendo conto di tutti quei vincoli istituzionali ineliminabili che determinano di volta in<br>volta il nostro margine di azione\u201d. L\u2019agentivit\u00e0 umana pu\u00f2 essere definita dunque \u201ccome la<br>capacit\u00e0 di agire intenzionalmente nel contesto sociale in cui si opera per generare un cambiamento,<br>indipendentemente dall\u2019esito dell\u2019azione, avendo la convinzione di poter esercitare attivamente una<br>influenza sugli eventi\u201d.<br>Il desiderio mimetico pu\u00f2 portare alla violenza contro il mediatore che vogliamo imitare (invidia<br>sociale) o alla liberazione e giustizia sociale. Ci\u00f2 dipende dall\u2019agentivit\u00e0, ovvero dalla capacit\u00e0,<br>dalla volont\u00e0 e dalla libert\u00e0 di imitare \u201caltri modelli\u201d rispetto ai modelli-invidiati. Questi altri<br>modelli sono quei valori a cui la nostra anima si ispira per darne forma politica rispetto a quei<br>controvalori che da invidiati e desiderati diventano superati in nome di valori altri che l\u2019agentivit\u00e0<br>modella, crea.<br>L\u2019agentivit\u00e0 \u00e8 allora creativit\u00e0 e autodeterminazione in quanto l\u2019uomo \u00e8 capace di passare dal<br>violento \u201ccome-gli-altri\u201d del desiderio mimetico \u201call\u2019essere-per-gli altri\u201d dell\u2019agentivit\u00e0 capace di<br>produrre e quindi ispirarsi a valori altri, superando i valori imposti e indotti dalla societ\u00e0 (desideri<br>indotti).<br>Per cui ha ragione Ren\u00e8 Girard nell\u2019affermare che siamo condizionati dagli altri, desideriamo la<br>loro vita, ma ha altrettanto ragione la nuova antropologia nell\u2019affermare che non siamo determinati<br>da questo desiderio in quanto in modo creativo riusciamo a dare forma politica ai desideri mimetici<br>trasformandoli in valori altri, generando cambiamenti e ripartenze sul piano sociale.<\/p>\n\n\n\n<p class=\"has-text-align-right\">Prof. Nuccio Randone<\/p>\n","protected":false},"excerpt":{"rendered":"<p>La pace dell\u2019anima \u00e8 la morte dell\u2019uomo e ogni percorso che conduce alla pace interiore segna lafine del destino dell\u2019uomo in quanto ethos anthropoi daimon (Eraclito), l\u2019agire dell\u2019uomo determinail suo destino. Il tema dell\u2019anima e del suo percorso politico rimanda dunque all\u2019impegno etico nellacitt\u00e0 degli uomini.Ma cosa rende l\u2019anima capace di un percorso politico, di&hellip;<\/p>\n","protected":false},"author":4,"featured_media":0,"comment_status":"open","ping_status":"open","sticky":true,"template":"","format":"standard","meta":[],"categories":[5],"tags":[],"_links":{"self":[{"href":"https:\/\/www.liceovittorinigorgia.edu.it\/blog\/wp-json\/wp\/v2\/posts\/2435"}],"collection":[{"href":"https:\/\/www.liceovittorinigorgia.edu.it\/blog\/wp-json\/wp\/v2\/posts"}],"about":[{"href":"https:\/\/www.liceovittorinigorgia.edu.it\/blog\/wp-json\/wp\/v2\/types\/post"}],"author":[{"embeddable":true,"href":"https:\/\/www.liceovittorinigorgia.edu.it\/blog\/wp-json\/wp\/v2\/users\/4"}],"replies":[{"embeddable":true,"href":"https:\/\/www.liceovittorinigorgia.edu.it\/blog\/wp-json\/wp\/v2\/comments?post=2435"}],"version-history":[{"count":1,"href":"https:\/\/www.liceovittorinigorgia.edu.it\/blog\/wp-json\/wp\/v2\/posts\/2435\/revisions"}],"predecessor-version":[{"id":2437,"href":"https:\/\/www.liceovittorinigorgia.edu.it\/blog\/wp-json\/wp\/v2\/posts\/2435\/revisions\/2437"}],"wp:attachment":[{"href":"https:\/\/www.liceovittorinigorgia.edu.it\/blog\/wp-json\/wp\/v2\/media?parent=2435"}],"wp:term":[{"taxonomy":"category","embeddable":true,"href":"https:\/\/www.liceovittorinigorgia.edu.it\/blog\/wp-json\/wp\/v2\/categories?post=2435"},{"taxonomy":"post_tag","embeddable":true,"href":"https:\/\/www.liceovittorinigorgia.edu.it\/blog\/wp-json\/wp\/v2\/tags?post=2435"}],"curies":[{"name":"wp","href":"https:\/\/api.w.org\/{rel}","templated":true}]}}