{"id":377,"date":"2021-10-13T15:23:47","date_gmt":"2021-10-13T13:23:47","guid":{"rendered":"https:\/\/www.liceovittorinigorgia.edu.it\/blog\/?p=377"},"modified":"2021-10-13T15:27:32","modified_gmt":"2021-10-13T13:27:32","slug":"etimologia-del-tempo-presente","status":"publish","type":"post","link":"https:\/\/www.liceovittorinigorgia.edu.it\/blog\/2021\/10\/13\/etimologia-del-tempo-presente\/","title":{"rendered":"ETIMOLOGIA DEL TEMPO PRESENTE"},"content":{"rendered":"\n<p><em>\u201cCHI DI VOI E\u2019 SENZA VACCINO SCAGLI LA PRIMA PIETRA\u201d<\/em><\/p>\n\n\n\n<div class=\"wp-block-image is-style-default\"><figure class=\"aligncenter size-large is-resized\"><img loading=\"lazy\" src=\"https:\/\/www.liceovittorinigorgia.edu.it\/blog\/wp-content\/uploads\/2021\/10\/immgine-nuccio.jpg\" alt=\"\" class=\"wp-image-378\" width=\"402\" height=\"465\" srcset=\"https:\/\/www.liceovittorinigorgia.edu.it\/blog\/wp-content\/uploads\/2021\/10\/immgine-nuccio.jpg 470w, https:\/\/www.liceovittorinigorgia.edu.it\/blog\/wp-content\/uploads\/2021\/10\/immgine-nuccio-260x300.jpg 260w\" sizes=\"(max-width: 402px) 100vw, 402px\" \/><figcaption>Le provocazioni del tempo presente <\/figcaption><\/figure><\/div>\n\n\n\n<p>Per G.W.F. Hegel, compito della filosofia \u00e8 quello di \u201ccomprendere il presente col pensiero\u201d e non quello di comprendere un tempo che non c\u2019\u00e8 ancora ovvero il futuro, un futuro che possiamo forse prevedere, auspicare ma di cui non possiamo averne conoscenza certa e dunque comprensione. Dal punto di vista esistenziale bisogna comprendere e vivere il tempo presente e non fuggirlo con atteggiamenti culturali, sociali e politici alienanti perch\u00e9 solo vivendo questo nostro tempo presente, possiamo lasciare in eredit\u00e0 ai posteri, non un tempo neutro, ma il nostro presente vissuto che diventer\u00e0 il futuro come tempo presente degli altri: il tempo in fondo \u00e8 un eterno presente che si proietta in avanti nel momento in cui viene vissuto; noi siamo contemporaneamente figli e padri del tempo presente, figli che trovano un tempo da vivere e padri che ne lasciamo in eredit\u00e0 uno da vivere: il tempo dunque ha una dimensione etica segnata dalla responsabilit\u00e0 degli uni nei confronti degli altri.<\/p>\n\n\n\n<p>Per Isidoro Di Siviglia, l\u2019etimologia rappresentava lo strumento della comprensione dell\u2019idea che tramite questa veniva espressa: l\u2019etimologia delle parole pu\u00f2 aiutarci a capire il tempo presente, un tempo segnato dalla provocazione che mette in crisi.<\/p>\n\n\n\n<p>Il vocabolario della Treccani ci dice che <em>Provocare<\/em> deriva dal lat.&nbsp;provocare, comp. di&nbsp;<em>pro<\/em>&#8211;<sup>1<\/sup>&nbsp;e&nbsp;vocare&nbsp;\u00abchiamare\u00bb, propr. \u00abchiamare fuori\u00bb, da cui il significato di spingere, chiamare fuori&nbsp; con la parola o con il gesto un comportamento; <em>Crisi<\/em>, sempre secondo lo stesso vocabolario, deriva &nbsp;dal lat.&nbsp;<em>crisis<\/em>, dal gr.&nbsp;<em>kr\u00edsis<\/em>&nbsp;\u2018scelta, decisione\u2019, der. di&nbsp;\u03ba\u03c1\u03af\u03bd\u03c9&nbsp;\u00abdistinguere, giudicare\u00bb.<\/p>\n\n\n\n<p>Sono tante le provocazioni del tempo presente che ci mettono in crisi, ma una in particolare oggi risulta essere pi\u00f9 provocatoria rispetto alle altre: \u201cchi di voi \u00e8 senza vaccino scagli la prima pietra\u201d.<\/p>\n\n\n\n<p>La societ\u00e0 di oggi non \u00e8 forse vaccinata contro il virus dei migranti e resa immune all\u2019accoglienza? Non siamo forse vaccinati contro il virus del bene comune e resi immuni alla legalit\u00e0, all\u2019antimafia, alla cooperazione, alla solidariet\u00e0, alla giustizia sociale, avendo sviluppato gli anticorpi dell\u2019individualismo, dell\u2019\u201capprofittamento\u201d, dell\u2019arrivismo in nome di un personale e personalistico benessere da raggiungere anche a discapito degli altri, sfruttandoli e ignorandoli, senza vivere mai per e con gli altri?<\/p>\n\n\n\n<p>Non siamo forse vaccinati contro il virus della sobriet\u00e0 e resi immuni al consumo critico e solidale, ai nuovi stili di vita, avendo sviluppato gli anticorpi del consumismo, del materialismo contro ogni forma di ecologismo, di ricerca di beni spirituali, di rispetto dei pi\u00f9 deboli e degli ultimi del pianeta?<\/p>\n\n\n\n<p>La societ\u00e0 di oggi non \u00e8 forse vaccinata contro il virus delle competenze, della fiducia nelle istituzioni e resa immune alla speranza, vista sempre pi\u00f9 come un virus da combattere in quanto richiede sinergia, collaborazione, meritocrazia, fatica e impegno rispetto al tutto e subito?<\/p>\n\n\n\n<p>Non siamo forse vaccinati contro il virus della diversit\u00e0 e resi immuni al riconoscimento del volto dell\u2019altro, in quanto altro, avendo sviluppato gli anticorpi del pensiero unico, massificante, dominante e lobbista che annulla ogni diversit\u00e0, rendendoci merce, numeri, categorie, generi neutri e non pi\u00f9 persone che trovano nella diversit\u00e0 la loro ricchezza?<\/p>\n\n\n\n<p>Non siamo forse oggi vaccinati contro il virus dello Stato, delle regole e resi immuni alla convivenza, all\u2019armonia delle libert\u00e0 individuali grazie alla Costituzione e alle leggi, avendo sviluppato gli anticorpi delle libert\u00e0 individuali contro il virus delle libert\u00e0 sociali, delle libert\u00e0 di tutti e non solo nostre? Non siamo immuni alla libert\u00e0 \u201cper\u201d, vivendo ormai con l\u2019ossessione di liberarci sempre \u201cda\u201d qualcuno o qualcosa?<\/p>\n\n\n\n<p>Dovremmo farci \u201cprovocare\u201d dal tempo presente, \u201cuscire fuori da noi stessi\u201d e avere la capacit\u00e0 di guardarci intorno e renderci conto che quei virus contro cui ci siamo vaccinati non sono altro che le nostre insicurezze, i nostri mostri interiori. In fondo, tutti vogliamo essere immunizzati da qualcosa, da ci\u00f2 che ci spaventa, da ci\u00f2 che non conosciamo, da ci\u00f2 che mette in discussione le nostre certezze, dalla diversit\u00e0 contro cui ci vacciniamo senza polemiche e proteste purch\u00e9 questo porti al nostro personale benessere che perseguiamo etichettando l\u2019altro come virus, come minaccia che ci toglie spazio geografico, economico, lavorativo, esistenziale.<\/p>\n\n\n\n<p>Ebbene, fino a quando l\u2019altro non sar\u00e0 pi\u00f9 visto come un virus nei cui confronti vogliamo vaccinarci per essere immuni e liberi da qualsiasi responsabilit\u00e0 relazionale, solidale e sociale, l\u2019etimologia del tempo presente sar\u00e0 segnata da una provocazione che mette in crisi: \u201cChi di voi \u00e8 senza vaccino scagli la prima pietra\u201d. Bisogna uscire fuori da noi stessi, incontrarci e insieme giudicare il tempo presente per costruire un futuro pi\u00f9 umano dove gli altri non siano visti come il virus, ma l\u2019unica possibilit\u00e0 che abbiamo per vivere da uomini e lottare insieme contro i veri virus della societ\u00e0 contemporanea che deturpano l\u2019uomo e la sua dignit\u00e0, la societ\u00e0, i territori, il pianeta: il capitalismo neoliberista e le mafie.<\/p>\n\n\n\n<p class=\"has-text-align-right\">(*<em>Nuccio Randone, Docente di Religione specializzato in Teologia Morale<\/em>)<\/p>\n","protected":false},"excerpt":{"rendered":"<p>\u201cCHI DI VOI E\u2019 SENZA VACCINO SCAGLI LA PRIMA PIETRA\u201d Per G.W.F. Hegel, compito della filosofia \u00e8 quello di \u201ccomprendere il presente col pensiero\u201d e non quello di comprendere un tempo che non c\u2019\u00e8 ancora ovvero il futuro, un futuro che possiamo forse prevedere, auspicare ma di cui non possiamo averne conoscenza certa e dunque&hellip;<\/p>\n","protected":false},"author":4,"featured_media":0,"comment_status":"open","ping_status":"open","sticky":true,"template":"","format":"standard","meta":[],"categories":[5],"tags":[],"_links":{"self":[{"href":"https:\/\/www.liceovittorinigorgia.edu.it\/blog\/wp-json\/wp\/v2\/posts\/377"}],"collection":[{"href":"https:\/\/www.liceovittorinigorgia.edu.it\/blog\/wp-json\/wp\/v2\/posts"}],"about":[{"href":"https:\/\/www.liceovittorinigorgia.edu.it\/blog\/wp-json\/wp\/v2\/types\/post"}],"author":[{"embeddable":true,"href":"https:\/\/www.liceovittorinigorgia.edu.it\/blog\/wp-json\/wp\/v2\/users\/4"}],"replies":[{"embeddable":true,"href":"https:\/\/www.liceovittorinigorgia.edu.it\/blog\/wp-json\/wp\/v2\/comments?post=377"}],"version-history":[{"count":3,"href":"https:\/\/www.liceovittorinigorgia.edu.it\/blog\/wp-json\/wp\/v2\/posts\/377\/revisions"}],"predecessor-version":[{"id":381,"href":"https:\/\/www.liceovittorinigorgia.edu.it\/blog\/wp-json\/wp\/v2\/posts\/377\/revisions\/381"}],"wp:attachment":[{"href":"https:\/\/www.liceovittorinigorgia.edu.it\/blog\/wp-json\/wp\/v2\/media?parent=377"}],"wp:term":[{"taxonomy":"category","embeddable":true,"href":"https:\/\/www.liceovittorinigorgia.edu.it\/blog\/wp-json\/wp\/v2\/categories?post=377"},{"taxonomy":"post_tag","embeddable":true,"href":"https:\/\/www.liceovittorinigorgia.edu.it\/blog\/wp-json\/wp\/v2\/tags?post=377"}],"curies":[{"name":"wp","href":"https:\/\/api.w.org\/{rel}","templated":true}]}}